{"id":176,"date":"2025-05-20T06:15:07","date_gmt":"2025-05-20T06:15:07","guid":{"rendered":"https:\/\/rentifyexperience.com\/?p=176"},"modified":"2025-05-20T18:52:02","modified_gmt":"2025-05-20T18:52:02","slug":"medellin-hoy-una-ciudad-que-renace-como-destino-turistico-de-clase-mundial","status":"publish","type":"post","link":"https:\/\/rentifyexperience.com\/en\/medellin-hoy-una-ciudad-que-renace-como-destino-turistico-de-clase-mundial\/","title":{"rendered":"Medell\u00edn Today: A City Reborn as a World-Class Tourist Destination"},"content":{"rendered":"<p>For years, Medell\u00edn was unfairly defined by its past. But that narrative is long gone.\nToday, this gem in the Aburr\u00e1 Valley shines as one of the most fascinating destinations\nin Latin America. More and more travelers \u2014 especially Americans \u2014 are discovering\na vibrant, modern, and welcoming city that offers much more than scenic views: it\noffers transformation, culture, and human warmth.<\/p>\n\n\n\n<h2 class=\"wp-block-heading\">Medell\u00edn Surprises: Nature, Urban Art &amp; the Paisa Spirit<\/h2>\n\n\n\n<p>Known as the <strong>City of Eternal Spring,<\/strong>Medell\u00edn boasts a pleasant year-round climate,\ngrowing infrastructure, and a resilient community that\u2019s made innovation its signature.<\/p>\n\n\n\n<p>Neighborhoods like <strong>El Poblado<\/strong>, <strong>Laureles<\/strong> and <strong>Provenza<\/strong> blend tradition and modernity\nwith boutique hotels, gourmet restaurants, cultural bars, designer shops, and a lively yet\nsafe nightlife. Urban art has also transformed areas like <strong>Comuna 13<\/strong> into global icons of responsible tourism.<\/p>\n\n\n\n<p>Medell\u00edn also stands out for its integrated public transport system (Metro, Metrocable,\nTram, and feeder buses), allowing locals and visitors to move around efficiently,\naffordably, and safely.<\/p>\n\n\n\n<h2 class=\"wp-block-heading\">Tourism Boom: Rise of American Visitors<\/h2>\n\n\n\n<p>Interest from U.S. tourists continues to grow, driven by multiple factors:<\/p>\n\n\n\n<ul class=\"wp-block-list\">\n<li><strong>Over 1 million international visitors in 2024,<\/strong>with 38% from the U.S. (ProColombia).<\/li>\n\n\n\n<li><strong>Direct flights<\/strong> from Miami, Fort Lauderdale, Orlando, and New York.<\/li>\n\n\n\n<li>Affordable prices, warm hospitality, and authentic experiences away from mass\ntourism.<\/li>\n\n\n\n<li>Featured in international media as an emerging destination for <strong>culture, gastronomy, nature, and digital nomads.<\/strong>.<\/li>\n<\/ul>\n\n\n\n<h2 class=\"wp-block-heading\">Is Medell\u00edn Safe to Visit Today?<\/h2>\n\n\n\n<p>It\u2019s natural to have questions about safety. The answer is yes\u2014if you use common\nsense. Medell\u00edn has invested significantly in infrastructure, security, social programs,\nand smart urban planning.<\/p>\n\n\n\n<p>Popular tourist zones are well monitored with <strong>police presence<\/strong>, <strong>surveillance cameras<\/strong>and a growing culture of <strong>responsible hospitality<\/strong> among locals and tour operators. Once-\ninaccessible sectors like <strong>Comuna 13, San Javier, Moravia, and Aranjuez<\/strong>are now symbols of urban transformation and community development.<\/p>\n\n\n\n<h2 class=\"wp-block-heading\">Why Choose Medell\u00edn as Your Next Destination?<\/h2>\n\n\n\n<p><strong>Here\u2019s why you should visit Medell\u00edn now:<\/strong><\/p>\n\n\n\n<ul class=\"wp-block-list\">\n<li>\u2600\ufe0f <strong>Ideal year-round weather<\/strong> (72\u201382\u00b0F \/ 22\u201328\u00b0C)<\/li>\n\n\n\n<li>\ud83e\udd1d <strong>Warm and welcoming people<\/strong><\/li>\n\n\n\n<li>\ud83c\udfad <strong>A vibrant and modern cultural scene<\/strong><\/li>\n\n\n\n<li>\ud83d\udcb5 <strong>Great value for your money<\/strong><\/li>\n\n\n\n<li>\ud83d\udee1\ufe0f <strong>Increased safety and upgraded tourist infrastructure<\/strong><\/li>\n<\/ul>\n\n\n\n<h2 class=\"wp-block-heading\">Conclusion: Experience Medell\u00edn<\/h2>\n\n\n\n<p>Visiting Medell\u00edn today is more than tourism. It\u2019s being part of a story of resilience,\nbeauty, and renewal. The city invites you to walk its streets, savor its flavors, connect\nwith its people, and witness how a difficult past has become a hopeful future.<\/p>\n\n\n\n<p><strong>Ready for an authentic experience in the heart of Colombia?<\/strong><br>Medell\u00edn awaits with open arms. And at Rentify Experience, we\u2019ll be there every step of\nthe way.<\/p>","protected":false},"excerpt":{"rendered":"<p>Durante a\u00f1os, Medell\u00edn fue injustamente encasillada por su pasado. Pero esa historia ha quedado atr\u00e1s. Hoy, esta joya del Valle de Aburr\u00e1 brilla como uno de los destinos tur\u00edsticos m\u00e1s fascinantes de Am\u00e9rica Latina. Cada vez m\u00e1s viajeros \u2014especialmente estadounidenses\u2014 descubren una ciudad moderna, vibrante y acogedora, que ofrece mucho m\u00e1s que paisajes: ofrece transformaci\u00f3n, [&hellip;]<\/p>\n","protected":false},"author":1,"featured_media":472,"comment_status":"open","ping_status":"open","sticky":false,"template":"","format":"standard","meta":{"footnotes":""},"categories":[7],"tags":[],"class_list":["post-176","post","type-post","status-publish","format-standard","has-post-thumbnail","hentry","category-noticias"],"_links":{"self":[{"href":"https:\/\/rentifyexperience.com\/en\/wp-json\/wp\/v2\/posts\/176","targetHints":{"allow":["GET"]}}],"collection":[{"href":"https:\/\/rentifyexperience.com\/en\/wp-json\/wp\/v2\/posts"}],"about":[{"href":"https:\/\/rentifyexperience.com\/en\/wp-json\/wp\/v2\/types\/post"}],"author":[{"embeddable":true,"href":"https:\/\/rentifyexperience.com\/en\/wp-json\/wp\/v2\/users\/1"}],"replies":[{"embeddable":true,"href":"https:\/\/rentifyexperience.com\/en\/wp-json\/wp\/v2\/comments?post=176"}],"version-history":[{"count":2,"href":"https:\/\/rentifyexperience.com\/en\/wp-json\/wp\/v2\/posts\/176\/revisions"}],"predecessor-version":[{"id":470,"href":"https:\/\/rentifyexperience.com\/en\/wp-json\/wp\/v2\/posts\/176\/revisions\/470"}],"wp:featuredmedia":[{"embeddable":true,"href":"https:\/\/rentifyexperience.com\/en\/wp-json\/wp\/v2\/media\/472"}],"wp:attachment":[{"href":"https:\/\/rentifyexperience.com\/en\/wp-json\/wp\/v2\/media?parent=176"}],"wp:term":[{"taxonomy":"category","embeddable":true,"href":"https:\/\/rentifyexperience.com\/en\/wp-json\/wp\/v2\/categories?post=176"},{"taxonomy":"post_tag","embeddable":true,"href":"https:\/\/rentifyexperience.com\/en\/wp-json\/wp\/v2\/tags?post=176"}],"curies":[{"name":"wp","href":"https:\/\/api.w.org\/{rel}","templated":true}]}}